{"id":394,"date":"2020-11-10T10:03:08","date_gmt":"2020-11-10T09:03:08","guid":{"rendered":"http:\/\/mielke.wortundbild-berlin.de\/?p=394"},"modified":"2021-01-05T10:12:05","modified_gmt":"2021-01-05T09:12:05","slug":"badrenovierungskosten-bei-vermietung-des-homeoffice-an-den-arbeitgeber","status":"publish","type":"post","link":"https:\/\/mmielke.de\/index.php\/badrenovierungskosten-bei-vermietung-des-homeoffice-an-den-arbeitgeber\/","title":{"rendered":"Badrenovierungskosten bei Vermietung des Homeoffice an den Arbeitgeber"},"content":{"rendered":"\t\t<div data-elementor-type=\"wp-post\" data-elementor-id=\"394\" class=\"elementor elementor-394\">\n\t\t\t\t\t\t<section class=\"elementor-section elementor-top-section elementor-element elementor-element-1e962b9 elementor-section-boxed elementor-section-height-default elementor-section-height-default\" data-id=\"1e962b9\" data-element_type=\"section\" data-e-type=\"section\">\n\t\t\t\t\t\t<div class=\"elementor-container elementor-column-gap-default\">\n\t\t\t\t\t<div class=\"elementor-column elementor-col-100 elementor-top-column elementor-element elementor-element-e958827\" data-id=\"e958827\" data-element_type=\"column\" data-e-type=\"column\">\n\t\t\t<div class=\"elementor-widget-wrap elementor-element-populated\">\n\t\t\t\t\t\t<div class=\"elementor-element elementor-element-97a9130 elementor-widget elementor-widget-heading\" data-id=\"97a9130\" data-element_type=\"widget\" data-e-type=\"widget\" data-widget_type=\"heading.default\">\n\t\t\t\t<div class=\"elementor-widget-container\">\n\t\t\t\t\t<h2 class=\"elementor-heading-title elementor-size-default\">Badrenovierungskosten bei Vermietung des Homeoffice an den Arbeitgeber<\/h2>\t\t\t\t<\/div>\n\t\t\t\t<\/div>\n\t\t\t\t\t<\/div>\n\t\t<\/div>\n\t\t\t\t\t<\/div>\n\t\t<\/section>\n\t\t\t\t<section class=\"elementor-section elementor-top-section elementor-element elementor-element-6546f24 elementor-section-boxed elementor-section-height-default elementor-section-height-default\" data-id=\"6546f24\" data-element_type=\"section\" data-e-type=\"section\">\n\t\t\t\t\t\t<div class=\"elementor-container elementor-column-gap-default\">\n\t\t\t\t\t<div class=\"elementor-column elementor-col-100 elementor-top-column elementor-element elementor-element-5b0cb9b\" data-id=\"5b0cb9b\" data-element_type=\"column\" data-e-type=\"column\">\n\t\t\t<div class=\"elementor-widget-wrap elementor-element-populated\">\n\t\t\t\t\t\t<div class=\"elementor-element elementor-element-f85794b elementor-widget elementor-widget-text-editor\" data-id=\"f85794b\" data-element_type=\"widget\" data-e-type=\"widget\" data-widget_type=\"text-editor.default\">\n\t\t\t\t<div class=\"elementor-widget-container\">\n\t\t\t\t\t\t\t\t\t<p>Liegt bei Vermietung eines sog. Homeoffice an den Arbeitgeber ein steuerlich anzuerkennendes Mietverh\u00e4ltnis vor, kann dies eine vollst\u00e4ndige Ber\u00fccksichtigung der Werbungskosten erm\u00f6glichen, soweit die Kosten auf das Arbeitszimmer und etwaige mitvermietete Nebenr\u00e4ume entfallen. Hierf\u00fcr muss die \u00dcberlassung vorrangig im betrieblichen Interesse des Arbeitgebers stehen, z.B., wenn kein geeigneter Arbeitsplatz beim Arbeitgeber vorhanden ist.<\/p>\n<p>F\u00fcr den Fall, dass das Homeoffice umsatzsteuerpflichtig an den Arbeitgeber vermietet wird, hat der Bundesfinanzhof in einer aktuellen Entscheidung den Vorsteuerabzug aus Renovierungskosten f\u00fcr ein mitvermietetes Badezimmer nur teilweise zugelassen. Bei der Renovierung des Badezimmers wurden neben Toilette und Waschbecken auch Dusche und Badewanne erneuert. Nach Auffassung des Gerichts k\u00f6nne bei einer B\u00fcrot\u00e4tigkeit die Anmietung eines Sanit\u00e4rraums mit Toilette zwar angebracht sein, es bestehe f\u00fcr den Arbeitgeber jedoch keine Veranlassung, die (dienstliche) Nutzung einer Dusche und Badewanne zu erm\u00f6glichen. Daher ist ein Vorsteuerabzug nur anteilig m\u00f6glich, soweit die Kosten auf eine Nutzungsm\u00f6glichkeit von Toilette und Waschbecken entfallen.<\/p>\n<p>Im Bereich der Einkommensteuer sind in gleich gelagerten F\u00e4llen die Kosten f\u00fcr die Renovierung eines voll ausgestatteten Badezimmers (einschlie\u00dflich Dusche und Badewanne) in voller H\u00f6he anzuerkennen.<\/p>\n<p>Allerdings ist f\u00fcr solche Mietverh\u00e4ltnisse, die ab 2019 mit dem Arbeitgeber geschlossen werden, eine positive \u00dcberschussprognose erforderlich, damit die Werbungskosten geltend gemacht werden k\u00f6nnen; andernfalls bleiben sowohl die Einnahmen als auch die Kosten unber\u00fccksichtigt. Dabei sind auch die betroffenen Renovierungskosten f\u00fcr die vermieteten R\u00e4ume in die \u00dcberschussprognose einzubeziehen.<\/p>\t\t\t\t\t\t\t\t<\/div>\n\t\t\t\t<\/div>\n\t\t\t\t\t<\/div>\n\t\t<\/div>\n\t\t\t\t\t<\/div>\n\t\t<\/section>\n\t\t\t\t<\/div>\n\t\t","protected":false},"excerpt":{"rendered":"<p>Badrenovierungskosten bei Vermietung des Homeoffice an den Arbeitgeber Liegt bei Vermietung eines sog. Homeoffice an den Arbeitgeber ein steuerlich anzuerkennendes Mietverh\u00e4ltnis vor, kann dies eine vollst\u00e4ndige Ber\u00fccksichtigung der Werbungskosten erm\u00f6glichen, soweit die Kosten auf das Arbeitszimmer und etwaige mitvermietete Nebenr\u00e4ume entfallen. Hierf\u00fcr muss die \u00dcberlassung vorrangig im betrieblichen Interesse des<a class=\"moretag\" href=\"https:\/\/mmielke.de\/index.php\/badrenovierungskosten-bei-vermietung-des-homeoffice-an-den-arbeitgeber\/\"> Read more<\/a><\/p>\n","protected":false},"author":1,"featured_media":0,"comment_status":"closed","ping_status":"closed","sticky":false,"template":"","format":"standard","meta":{"_jetpack_memberships_contains_paid_content":false,"footnotes":""},"categories":[1],"tags":[],"class_list":["post-394","post","type-post","status-publish","format-standard","hentry","category-allgemein"],"jetpack_featured_media_url":"","jetpack_sharing_enabled":true,"_links":{"self":[{"href":"https:\/\/mmielke.de\/index.php\/wp-json\/wp\/v2\/posts\/394","targetHints":{"allow":["GET"]}}],"collection":[{"href":"https:\/\/mmielke.de\/index.php\/wp-json\/wp\/v2\/posts"}],"about":[{"href":"https:\/\/mmielke.de\/index.php\/wp-json\/wp\/v2\/types\/post"}],"author":[{"embeddable":true,"href":"https:\/\/mmielke.de\/index.php\/wp-json\/wp\/v2\/users\/1"}],"replies":[{"embeddable":true,"href":"https:\/\/mmielke.de\/index.php\/wp-json\/wp\/v2\/comments?post=394"}],"version-history":[{"count":0,"href":"https:\/\/mmielke.de\/index.php\/wp-json\/wp\/v2\/posts\/394\/revisions"}],"wp:attachment":[{"href":"https:\/\/mmielke.de\/index.php\/wp-json\/wp\/v2\/media?parent=394"}],"wp:term":[{"taxonomy":"category","embeddable":true,"href":"https:\/\/mmielke.de\/index.php\/wp-json\/wp\/v2\/categories?post=394"},{"taxonomy":"post_tag","embeddable":true,"href":"https:\/\/mmielke.de\/index.php\/wp-json\/wp\/v2\/tags?post=394"}],"curies":[{"name":"wp","href":"https:\/\/api.w.org\/{rel}","templated":true}]}}