{"id":472,"date":"2021-01-15T11:00:33","date_gmt":"2021-01-15T10:00:33","guid":{"rendered":"https:\/\/mmielke.de\/?p=472"},"modified":"2021-02-23T10:51:30","modified_gmt":"2021-02-23T09:51:30","slug":"wichtige-aenderungen-im-jahressteuergesetz-2020","status":"publish","type":"post","link":"https:\/\/mmielke.de\/index.php\/wichtige-aenderungen-im-jahressteuergesetz-2020\/","title":{"rendered":"Wichtige \u00c4nderungen im Jahressteuergesetz 2020"},"content":{"rendered":"\t\t<div data-elementor-type=\"wp-post\" data-elementor-id=\"472\" class=\"elementor elementor-472\">\n\t\t\t\t\t\t<section class=\"elementor-section elementor-top-section elementor-element elementor-element-493881f elementor-section-boxed elementor-section-height-default elementor-section-height-default\" data-id=\"493881f\" data-element_type=\"section\" data-e-type=\"section\">\n\t\t\t\t\t\t<div class=\"elementor-container elementor-column-gap-default\">\n\t\t\t\t\t<div class=\"elementor-column elementor-col-100 elementor-top-column elementor-element elementor-element-f960f1e\" data-id=\"f960f1e\" data-element_type=\"column\" data-e-type=\"column\">\n\t\t\t<div class=\"elementor-widget-wrap elementor-element-populated\">\n\t\t\t\t\t\t<div class=\"elementor-element elementor-element-b19e21c elementor-widget elementor-widget-heading\" data-id=\"b19e21c\" data-element_type=\"widget\" data-e-type=\"widget\" data-widget_type=\"heading.default\">\n\t\t\t\t<div class=\"elementor-widget-container\">\n\t\t\t\t\t<h2 class=\"elementor-heading-title elementor-size-default\">Wichtige \u00c4nderungen im Jahressteuergesetz 2020<\/h2>\t\t\t\t<\/div>\n\t\t\t\t<\/div>\n\t\t\t\t\t<\/div>\n\t\t<\/div>\n\t\t\t\t\t<\/div>\n\t\t<\/section>\n\t\t\t\t<section class=\"elementor-section elementor-top-section elementor-element elementor-element-c3add7a elementor-section-boxed elementor-section-height-default elementor-section-height-default\" data-id=\"c3add7a\" data-element_type=\"section\" data-e-type=\"section\">\n\t\t\t\t\t\t<div class=\"elementor-container elementor-column-gap-default\">\n\t\t\t\t\t<div class=\"elementor-column elementor-col-100 elementor-top-column elementor-element elementor-element-2c65789\" data-id=\"2c65789\" data-element_type=\"column\" data-e-type=\"column\">\n\t\t\t<div class=\"elementor-widget-wrap elementor-element-populated\">\n\t\t\t\t\t\t<div class=\"elementor-element elementor-element-431d5b3 elementor-widget elementor-widget-text-editor\" data-id=\"431d5b3\" data-element_type=\"widget\" data-e-type=\"widget\" data-widget_type=\"text-editor.default\">\n\t\t\t\t<div class=\"elementor-widget-container\">\n\t\t\t\t\t\t\t\t\t<p>Das Jahressteuergesetz 2020 wurde nunmehr verabschiedet; folgende \u00c4nderungen sind von besonderem Interesse:<\/p><ul><li>F\u00fcr die Jahre 2020 und 2021 wird eine Homeoffice-Pauschale von 5 Euro f\u00fcr jeden Kalendertag, an dem die betriebliche oder berufliche T\u00e4tigkeit ausschlie\u00dflich in der h\u00e4uslichen Wohnung ausge\u00fcbt wird, eingef\u00fchrt; der Abzug ist jedoch auf 600 Euro pro Jahr begrenzt. Die Pauschale kommt Personen zugute, bei denen die erforderlichen Voraussetzungen f\u00fcr ein h\u00e4usliches Arbeitszimmer nicht vorliegen oder die auf den Einzelnachweis der Arbeitszimmerkosten verzichten. Die Homeoffice-Pauschale wird nicht zus\u00e4tzlich zum Arbeitnehmer-Pauschbetrag gew\u00e4hrt.<\/li><li>Die Investitionsf\u00f6rderung nach \u00a7 7g EStGf\u00fcr kleine und mittlere Unternehmen wird bereits f\u00fcr 2020 verbessert. Der Abzugsbetrag wird von 40% auf 50%der Anschaffungs- oder Herstellungskosten angehoben; der H\u00f6chstbetrag von 200.000 Euro gilt unver\u00e4ndert weiter. Die mindestens 90%ige betriebliche Nutzung bleibt als Voraussetzung erhalten, wobei jetzt auch l\u00e4ngerfristig vermietete Wirtschaftsg\u00fcter beg\u00fcnstigt sind. Die einheitliche Gewinngrenze betr\u00e4gt aber 200.000 Euro.<\/li><li>Die Voraussetzungen f\u00fcr (lohnsteuerrechtliche) Gehaltsumwandlungen zur Erlangung bestimmter Steuerverg\u00fcnstigungen sind jetzt gesetzlich geregelt.<\/li><li>Vom Arbeitgeber gew\u00e4hrte coronabedingte Hilfen gem. \u00a7 3 Nr. 11a EStG in H\u00f6he von insgesamt 1.500 Euro k\u00f6nnen noch bis zum 30.06.2021 gezahlt werden.<\/li><li>Die Steuerbefreiung f\u00fcr Zusch\u00fcsse bzw. Aufstockungen des Arbeitgebers zum Kurzarbeitergeld f\u00fcr die Monate M\u00e4rz 2020 bis Dezember 2020 wird bis Dezember 2021 verl\u00e4ngert (\u00a7 3 Nr. 28a EStG). <\/li><li>Bei einer verbilligten Vermietung einer Wohnung wird die Grenze von 66% der orts\u00fcblichen Miete, bei deren Unterschreitung die Werbungskosten nur anteilig abgezogen werden k\u00f6nnen, ab 2021 auf 50% gesenkt. Betr\u00e4gt die Miete zwischen 50% und 66% der Vergleichsmiete, ist aber eine Total\u00fcberschussprognose zu erstellen; bei einem prognostizierten Gesamtverlust ist der Werbungskostenabzug wie bisher zu k\u00fcrzen. Erl\u00e4sst der Vermieter der Wohnung (coronabedingt) aufgrund einer finanziellen Notsituation des Mieters die Mietzahlung zeitlich befristet oder ganz, hat dies keinen Einfluss auf die bisherige Beurteilung des Mietverh\u00e4ltnisses im Rahmen des \u00a7 21 Abs. 2 EStG.<\/li><li>Ab 2021 steigt die sog. \u00dcbungsleiterpauschale von 2.400 Euro auf 3.000 Euro und die Ehrenamtspauschale von 720 Euro auf 840 Euro (\u00a7 3 Nr. 26 und 26a EStG). <\/li><li>Die Grenze f\u00fcr den vereinfachten Spendennachweis wird ab 2021 von 200 Euro auf 300 Euro angehoben (\u00a7 50 Abs. 4 Nr. 2 EStDV). <\/li><li>Ab 2022 wird die Freigrenze f\u00fcr steuerfreie \u201esonstige\u201c Sachbez\u00fcge (\u00a7 8 Abs. 2 Satz 11 EStG) von 44 Euro auf 50 Euro pro Monat erh\u00f6ht. <\/li><li>Die Befristung f\u00fcr die Anhebung des Entlastungsbetrags f\u00fcr Alleinerziehende von 1.908 Euro auf 4.008 Euro f\u00fcr die Jahre 2020 und 2021 wird aufgehoben, sodass die Erh\u00f6hung auch f\u00fcr die Jahre ab 2022 gilt.<\/li><\/ul>\t\t\t\t\t\t\t\t<\/div>\n\t\t\t\t<\/div>\n\t\t\t\t\t<\/div>\n\t\t<\/div>\n\t\t\t\t\t<\/div>\n\t\t<\/section>\n\t\t\t\t<\/div>\n\t\t","protected":false},"excerpt":{"rendered":"<p>Wichtige \u00c4nderungen im Jahressteuergesetz 2020 Das Jahressteuergesetz 2020 wurde nunmehr verabschiedet; folgende \u00c4nderungen sind von besonderem Interesse: F\u00fcr die Jahre 2020 und 2021 wird eine Homeoffice-Pauschale von 5 Euro f\u00fcr jeden Kalendertag, an dem die betriebliche oder berufliche T\u00e4tigkeit ausschlie\u00dflich in der h\u00e4uslichen Wohnung ausge\u00fcbt wird, eingef\u00fchrt; der Abzug ist<a class=\"moretag\" href=\"https:\/\/mmielke.de\/index.php\/wichtige-aenderungen-im-jahressteuergesetz-2020\/\"> Read more<\/a><\/p>\n","protected":false},"author":1,"featured_media":0,"comment_status":"closed","ping_status":"closed","sticky":false,"template":"","format":"standard","meta":{"_jetpack_memberships_contains_paid_content":false,"footnotes":""},"categories":[1],"tags":[],"class_list":["post-472","post","type-post","status-publish","format-standard","hentry","category-allgemein"],"jetpack_featured_media_url":"","jetpack_sharing_enabled":true,"_links":{"self":[{"href":"https:\/\/mmielke.de\/index.php\/wp-json\/wp\/v2\/posts\/472","targetHints":{"allow":["GET"]}}],"collection":[{"href":"https:\/\/mmielke.de\/index.php\/wp-json\/wp\/v2\/posts"}],"about":[{"href":"https:\/\/mmielke.de\/index.php\/wp-json\/wp\/v2\/types\/post"}],"author":[{"embeddable":true,"href":"https:\/\/mmielke.de\/index.php\/wp-json\/wp\/v2\/users\/1"}],"replies":[{"embeddable":true,"href":"https:\/\/mmielke.de\/index.php\/wp-json\/wp\/v2\/comments?post=472"}],"version-history":[{"count":0,"href":"https:\/\/mmielke.de\/index.php\/wp-json\/wp\/v2\/posts\/472\/revisions"}],"wp:attachment":[{"href":"https:\/\/mmielke.de\/index.php\/wp-json\/wp\/v2\/media?parent=472"}],"wp:term":[{"taxonomy":"category","embeddable":true,"href":"https:\/\/mmielke.de\/index.php\/wp-json\/wp\/v2\/categories?post=472"},{"taxonomy":"post_tag","embeddable":true,"href":"https:\/\/mmielke.de\/index.php\/wp-json\/wp\/v2\/tags?post=472"}],"curies":[{"name":"wp","href":"https:\/\/api.w.org\/{rel}","templated":true}]}}