{"id":775,"date":"2024-04-08T10:00:00","date_gmt":"2024-04-08T08:00:00","guid":{"rendered":"https:\/\/mmielke.de\/?p=775"},"modified":"2024-08-21T17:39:51","modified_gmt":"2024-08-21T15:39:51","slug":"privates-veraeusserungsgeschaeft-keine-steuerbefreiung-bei-nutzung-durch-elternteil","status":"publish","type":"post","link":"https:\/\/mmielke.de\/index.php\/privates-veraeusserungsgeschaeft-keine-steuerbefreiung-bei-nutzung-durch-elternteil\/","title":{"rendered":"Privates Ver\u00e4u\u00dferungsgesch\u00e4ft: Keine Steuerbefreiung bei Nutzung durch Elternteil"},"content":{"rendered":"\n<p>Die Ver\u00e4u\u00dferung eines privaten Grundst\u00fccks unterliegt grunds\u00e4tzlich der Einkommensbesteuerung, wenn zwischen Erwerb und Verkauf der Immobilie nicht mehr als 10 Jahre liegen, es sei denn, die Immobilie wurde w\u00e4hrend der gesamten Zeit zwischen Anschaffung und Ver\u00e4u\u00dferung oder im Jahr der Ver\u00e4u\u00dferung und in den beiden vorangegangenen Jahren zu eigenen Wohnzwecken genutzt.<\/p>\n\n\n\n<p>Die Finanzverwaltung erkennt eine Steuerbefreiung dar\u00fcber hinaus auch an, wenn der Eigent\u00fcmer die Wohnung seinem Kind, f\u00fcr das er Anspruch auf Kindergeld oder auf einen Kinderfreibetrag hat, (unentgeltlich) zur alleinigen Nutzung zu Wohnzwecken \u00fcberl\u00e4sst. Eine Mitnutzung der Wohnung z. B. durch den geschiedenen Ehepartner erf\u00fcllt jedoch nicht die Voraussetzung der Nutzung zu eigenen Wohnzwecken.<\/p>\n\n\n\n<p>Wie der Bundesfinanzhof jetzt klargestellt hat, kommt eine Befreiung von der Besteuerung ebenfalls nicht in Betracht, wenn andere (auch unterhaltsberechtigte) Angeh\u00f6rige die Wohnung genutzt haben.<\/p>\n\n\n\n<p>Im Streitfall erwarben die Eheleute eine Eigentumswohnung, die sie ihrer (Schwieger-)Mutter unentgeltlich zur Nutzung zu Wohnzwecken \u00fcberlie\u00dfen. Nach deren Ableben ver\u00e4u\u00dferten die Eheleute die Wohnung innerhalb der 10-Jahres-Frist.<\/p>\n\n\n\n<p>Der Bundesfinanzhof hat im vorliegenden Fall entschieden, dass die \u00dcberlassung der Wohnung an die (Schwieger-)Mutter nicht zu einer Ausnahme von der Besteuerung nach \u00a7 23 Abs. 1 Nr. 1 EStG f\u00fchrt. Dem Eigent\u00fcmer der Wohnung \u2013 so das Gericht \u2013 k\u00f6nne keine mittelbare Nutzung zu Wohnzwecken durch die \u00dcberlassung der Eigentumswohnung an die Mutter zugerechnet werden. Danach liegt keine Befreiung von der Besteuerung vor, sodass ein eventueller Gewinn aus dem Verkauf der Eigentumswohnung als privates Ver\u00e4u\u00dferungsgesch\u00e4ft zu versteuern ist.<\/p>\n","protected":false},"excerpt":{"rendered":"<p>Die Ver\u00e4u\u00dferung eines privaten Grundst\u00fccks unterliegt grunds\u00e4tzlich der Einkommensbesteuerung, wenn zwischen Erwerb und Verkauf der Immobilie nicht mehr als 10 Jahre liegen, es sei denn, die Immobilie wurde w\u00e4hrend der gesamten Zeit zwischen Anschaffung und Ver\u00e4u\u00dferung oder im Jahr der Ver\u00e4u\u00dferung und in den beiden vorangegangenen Jahren zu eigenen Wohnzwecken<a class=\"moretag\" href=\"https:\/\/mmielke.de\/index.php\/privates-veraeusserungsgeschaeft-keine-steuerbefreiung-bei-nutzung-durch-elternteil\/\"> Read more<\/a><\/p>\n","protected":false},"author":1,"featured_media":0,"comment_status":"closed","ping_status":"closed","sticky":false,"template":"","format":"standard","meta":{"_jetpack_memberships_contains_paid_content":false,"footnotes":""},"categories":[1],"tags":[],"class_list":["post-775","post","type-post","status-publish","format-standard","hentry","category-allgemein"],"jetpack_featured_media_url":"","jetpack_sharing_enabled":true,"_links":{"self":[{"href":"https:\/\/mmielke.de\/index.php\/wp-json\/wp\/v2\/posts\/775","targetHints":{"allow":["GET"]}}],"collection":[{"href":"https:\/\/mmielke.de\/index.php\/wp-json\/wp\/v2\/posts"}],"about":[{"href":"https:\/\/mmielke.de\/index.php\/wp-json\/wp\/v2\/types\/post"}],"author":[{"embeddable":true,"href":"https:\/\/mmielke.de\/index.php\/wp-json\/wp\/v2\/users\/1"}],"replies":[{"embeddable":true,"href":"https:\/\/mmielke.de\/index.php\/wp-json\/wp\/v2\/comments?post=775"}],"version-history":[{"count":1,"href":"https:\/\/mmielke.de\/index.php\/wp-json\/wp\/v2\/posts\/775\/revisions"}],"predecessor-version":[{"id":776,"href":"https:\/\/mmielke.de\/index.php\/wp-json\/wp\/v2\/posts\/775\/revisions\/776"}],"wp:attachment":[{"href":"https:\/\/mmielke.de\/index.php\/wp-json\/wp\/v2\/media?parent=775"}],"wp:term":[{"taxonomy":"category","embeddable":true,"href":"https:\/\/mmielke.de\/index.php\/wp-json\/wp\/v2\/categories?post=775"},{"taxonomy":"post_tag","embeddable":true,"href":"https:\/\/mmielke.de\/index.php\/wp-json\/wp\/v2\/tags?post=775"}],"curies":[{"name":"wp","href":"https:\/\/api.w.org\/{rel}","templated":true}]}}