{"id":777,"date":"2024-05-23T09:00:00","date_gmt":"2024-05-23T07:00:00","guid":{"rendered":"https:\/\/mmielke.de\/?p=777"},"modified":"2024-08-21T17:43:33","modified_gmt":"2024-08-21T15:43:33","slug":"wachstumschancengesetz-degressive-abschreibung-fuer-neue-wohngebaeude","status":"publish","type":"post","link":"https:\/\/mmielke.de\/index.php\/wachstumschancengesetz-degressive-abschreibung-fuer-neue-wohngebaeude\/","title":{"rendered":"Wachstumschancengesetz: Degressive Abschreibung f\u00fcr neue Wohngeb\u00e4ude"},"content":{"rendered":"\n<p>F\u00fcr nach dem 31.12.2022 fertiggestellte Wohngeb\u00e4ude betr\u00e4gt die Absetzung f\u00fcr Abnutzung (lineare AfA) 3% pro Jahr, das entspricht einer Nutzungsdauer von rund 33 Jahren. Nach dem durch das Wachstumschancengesetz neu eingef\u00fcgten \u00a7 7 Abs. 5a EStG kann bei Geb\u00e4uden, mit deren Herstellung nach dem 30.09.2023 und vor dem 01.10.2029 begonnen wird (Datum Baubeginnanzeige o. \u00c4.) oder die innerhalb dieses Zeitraums im Jahr ihrer Fertigstellung angeschafft werden (Datum Kaufvertrag), statt der linearen AfA mit 3% eine degressive AfA mit 5% von den Anschaffungs-\/Herstellungskosten bzw. vom jeweiligen Restwert des Vorjahres wahlweise in Anspruch genommen werden, soweit die Geb\u00e4ude Wohnzwecken dienen. In diesen F\u00e4llen sind Absetzungen f\u00fcr au\u00dfergew\u00f6hnliche technische oder wirtschaftliche Abnutzung ausgeschlossen.<\/p>\n\n\n\n<p>Ein sp\u00e4terer \u00dcbergang von der neuen degressiven zur linearen AfA ist zul\u00e4ssig. Nach dem \u00dcbergang wird f\u00fcr die Berechnung der weiteren Abschreibungen der Restwert auf die verbleibenden Jahre der nach \u00a7 7 Abs. 4 EStG geltenden Nutzungsdauer von 33 Jahren gleichm\u00e4\u00dfig verteilt. Sinnvoll erscheint ein Wechsel nach 14 Jahren.<\/p>\n\n\n\n<p>Die neue degressive AfA nach \u00a7 7 Abs. 5a EStG kann auch bei neuen Wohngeb\u00e4uden angewendet werden, die in einem anderen EU- oder einem EWR-Staat belegen sind. Sie ist auch auf Wohnungen anwendbar, die Bestandteil neuer Gewerbeimmobilien sind, die in den Beg\u00fcnstigungszeitraum fallen; sie gilt aber nicht f\u00fcr neue Wohnungen, die z.B. an oder auf einem bereits bestehenden Geb\u00e4ude errichtet werden.<\/p>\n","protected":false},"excerpt":{"rendered":"<p>F\u00fcr nach dem 31.12.2022 fertiggestellte Wohngeb\u00e4ude betr\u00e4gt die Absetzung f\u00fcr Abnutzung (lineare AfA) 3% pro Jahr, das entspricht einer Nutzungsdauer von rund 33 Jahren. Nach dem durch das Wachstumschancengesetz neu eingef\u00fcgten \u00a7 7 Abs. 5a EStG kann bei Geb\u00e4uden, mit deren Herstellung nach dem 30.09.2023 und vor dem 01.10.2029 begonnen<a class=\"moretag\" href=\"https:\/\/mmielke.de\/index.php\/wachstumschancengesetz-degressive-abschreibung-fuer-neue-wohngebaeude\/\"> Read more<\/a><\/p>\n","protected":false},"author":1,"featured_media":0,"comment_status":"closed","ping_status":"closed","sticky":false,"template":"","format":"standard","meta":{"_jetpack_memberships_contains_paid_content":false,"footnotes":""},"categories":[1],"tags":[],"class_list":["post-777","post","type-post","status-publish","format-standard","hentry","category-allgemein"],"jetpack_featured_media_url":"","jetpack_sharing_enabled":true,"_links":{"self":[{"href":"https:\/\/mmielke.de\/index.php\/wp-json\/wp\/v2\/posts\/777","targetHints":{"allow":["GET"]}}],"collection":[{"href":"https:\/\/mmielke.de\/index.php\/wp-json\/wp\/v2\/posts"}],"about":[{"href":"https:\/\/mmielke.de\/index.php\/wp-json\/wp\/v2\/types\/post"}],"author":[{"embeddable":true,"href":"https:\/\/mmielke.de\/index.php\/wp-json\/wp\/v2\/users\/1"}],"replies":[{"embeddable":true,"href":"https:\/\/mmielke.de\/index.php\/wp-json\/wp\/v2\/comments?post=777"}],"version-history":[{"count":1,"href":"https:\/\/mmielke.de\/index.php\/wp-json\/wp\/v2\/posts\/777\/revisions"}],"predecessor-version":[{"id":778,"href":"https:\/\/mmielke.de\/index.php\/wp-json\/wp\/v2\/posts\/777\/revisions\/778"}],"wp:attachment":[{"href":"https:\/\/mmielke.de\/index.php\/wp-json\/wp\/v2\/media?parent=777"}],"wp:term":[{"taxonomy":"category","embeddable":true,"href":"https:\/\/mmielke.de\/index.php\/wp-json\/wp\/v2\/categories?post=777"},{"taxonomy":"post_tag","embeddable":true,"href":"https:\/\/mmielke.de\/index.php\/wp-json\/wp\/v2\/tags?post=777"}],"curies":[{"name":"wp","href":"https:\/\/api.w.org\/{rel}","templated":true}]}}