{"id":842,"date":"2025-03-30T12:06:00","date_gmt":"2025-03-30T10:06:00","guid":{"rendered":"https:\/\/mmielke.de\/?p=842"},"modified":"2025-04-22T12:08:57","modified_gmt":"2025-04-22T10:08:57","slug":"veraeusserung-von-nachlassvermoegen-nach-erwerb-von-anteilen-an-einererbengemeinschaft-2","status":"publish","type":"post","link":"https:\/\/mmielke.de\/index.php\/veraeusserung-von-nachlassvermoegen-nach-erwerb-von-anteilen-an-einererbengemeinschaft-2\/","title":{"rendered":"Ver\u00e4u\u00dferung von Nachlassverm\u00f6gen nach Erwerb von Anteilen an einer Erbengemeinschaft"},"content":{"rendered":"\n<p>Gewinne aus der Ver\u00e4u\u00dferung einer privaten, nicht zu eigenen Wohnzwecken genutzten Immobilie sind regelm\u00e4\u00dfig dann steuerpflichtig, wenn zwischen dem Erwerb und dem Verkauf nicht mehr als 10 Jahre liegen. Das gilt auch f\u00fcr geerbte Grundst\u00fccke, wobei die \u201eSpekulationsfrist\u201c mit der (urspr\u00fcnglichen) Anschaffung des Grundst\u00fccks durch den Erblasser beginnt.<\/p>\n\n\n\n<p>Der Bundesfinanzhof hatte entschieden, dass der entgeltliche Erwerb eines Anteils an einer (Mit-)Erbengemeinschaft nicht zu einer anteiligen Anschaffung eines zur Gemeinschaft geh\u00f6renden Grundst\u00fccks f\u00fchrt und deshalb keine neue Spekulationsfrist ausgel\u00f6st wird. Das Gericht widersprach damit der Auffassung der Finanzverwaltung.<\/p>\n\n\n\n<p>Durch das Jahressteuergesetz 202418 wurde allerdings \u00a7 23 Abs. 1 Satz 4 EStG ge\u00e4ndert, sodass auch die Anschaffung oder Ver\u00e4u\u00dferung einer Beteiligung an einer Gesamthandsgemeinschaft als Anschaffung oder Ver\u00e4u\u00dferung der anteiligen Wirtschaftsg\u00fcter gilt. Das bedeutet, dass bei Immobiliengesch\u00e4ften innerhalb einer Erbengemeinschaft entgegen der Rechtsprechung des Bundesfinanzhofs neue Spekulationsfristen beginnen und dadurch steuerpflichtige private Ver\u00e4u\u00dferungsgesch\u00e4fte entstehen k\u00f6nnen. Die \u00c4nderung ist in allen noch offenen F\u00e4llen anzuwenden.<\/p>\n","protected":false},"excerpt":{"rendered":"<p>Gewinne aus der Ver\u00e4u\u00dferung einer privaten, nicht zu eigenen Wohnzwecken genutzten Immobilie sind regelm\u00e4\u00dfig dann steuerpflichtig, wenn zwischen dem Erwerb und dem Verkauf nicht mehr als 10 Jahre liegen. Das gilt auch f\u00fcr geerbte Grundst\u00fccke, wobei die \u201eSpekulationsfrist\u201c mit der (urspr\u00fcnglichen) Anschaffung des Grundst\u00fccks durch den Erblasser beginnt. Der Bundesfinanzhof<a class=\"moretag\" href=\"https:\/\/mmielke.de\/index.php\/veraeusserung-von-nachlassvermoegen-nach-erwerb-von-anteilen-an-einererbengemeinschaft-2\/\"> Read more<\/a><\/p>\n","protected":false},"author":1,"featured_media":0,"comment_status":"closed","ping_status":"closed","sticky":false,"template":"","format":"standard","meta":{"_jetpack_memberships_contains_paid_content":false,"footnotes":""},"categories":[1],"tags":[],"class_list":["post-842","post","type-post","status-publish","format-standard","hentry","category-allgemein"],"jetpack_featured_media_url":"","jetpack_sharing_enabled":true,"_links":{"self":[{"href":"https:\/\/mmielke.de\/index.php\/wp-json\/wp\/v2\/posts\/842","targetHints":{"allow":["GET"]}}],"collection":[{"href":"https:\/\/mmielke.de\/index.php\/wp-json\/wp\/v2\/posts"}],"about":[{"href":"https:\/\/mmielke.de\/index.php\/wp-json\/wp\/v2\/types\/post"}],"author":[{"embeddable":true,"href":"https:\/\/mmielke.de\/index.php\/wp-json\/wp\/v2\/users\/1"}],"replies":[{"embeddable":true,"href":"https:\/\/mmielke.de\/index.php\/wp-json\/wp\/v2\/comments?post=842"}],"version-history":[{"count":2,"href":"https:\/\/mmielke.de\/index.php\/wp-json\/wp\/v2\/posts\/842\/revisions"}],"predecessor-version":[{"id":844,"href":"https:\/\/mmielke.de\/index.php\/wp-json\/wp\/v2\/posts\/842\/revisions\/844"}],"wp:attachment":[{"href":"https:\/\/mmielke.de\/index.php\/wp-json\/wp\/v2\/media?parent=842"}],"wp:term":[{"taxonomy":"category","embeddable":true,"href":"https:\/\/mmielke.de\/index.php\/wp-json\/wp\/v2\/categories?post=842"},{"taxonomy":"post_tag","embeddable":true,"href":"https:\/\/mmielke.de\/index.php\/wp-json\/wp\/v2\/tags?post=842"}],"curies":[{"name":"wp","href":"https:\/\/api.w.org\/{rel}","templated":true}]}}