{"id":907,"date":"2026-03-12T08:27:36","date_gmt":"2026-03-12T07:27:36","guid":{"rendered":"https:\/\/mmielke.de\/?p=907"},"modified":"2026-03-12T08:27:38","modified_gmt":"2026-03-12T07:27:38","slug":"sind-beitraege-zu-einer-freiwilligen-pflegezusatzversicherung-sonderausgaben","status":"publish","type":"post","link":"https:\/\/mmielke.de\/index.php\/sind-beitraege-zu-einer-freiwilligen-pflegezusatzversicherung-sonderausgaben\/","title":{"rendered":"Sind Beitr\u00e4ge zu einer freiwilligen Pflegezusatzversicherung Sonderausgaben?"},"content":{"rendered":"\n<p>Beitr\u00e4ge zur gesetzlichen Pflegeversicherung (hierzu z\u00e4hlen die soziale Pflegeversicherung und die private Pflege-Pflichtversicherung) sind ebenso wie die Beitr\u00e4ge zur Basis-Krankenversicherung in voller H\u00f6he als Vorsorgeaufwendungen im Rahmen der Sonderausgaben abziehbar.<\/p>\n\n\n\n<p>Auch Aufwendungen f\u00fcr einen dar\u00fcberhinausgehenden Kranken- oder Pflegeversicherungsschutz wie beispielsweise f\u00fcr eine private Pflegezusatzversicherung, die der Absicherung von nicht durch die Pflege-Pflichtversicherung gedeckten Kosten wegen dauernder Pflegebed\u00fcrftigkeit dient, k\u00f6nnen grunds\u00e4tzlich als Sonderausgaben geltend gemacht werden. Allerdings ist f\u00fcr diese Aufwendungen die steuerliche Abzugsf\u00e4higkeit auf einen H\u00f6chstbetrag begrenzt (\u00a7 10 Abs. 4 EStG), der regelm\u00e4\u00dfig schon durch die Beitr\u00e4ge zur Basisabsicherung ausgesch\u00f6pft wird. Im Ergebnis wirken sich die Beitr\u00e4ge zu einer freiwilligen privaten Pflegezusatzversicherung damit steuerlich in den meisten F\u00e4llen nicht aus.<\/p>\n\n\n\n<p>Der Bundesfinanzhof6 hat in einem aktuellen Urteil die Verfassungsm\u00e4\u00dfigkeit dieser gesetzlichen Beschr\u00e4nkung des Sonderausgabenabzugs best\u00e4tigt. Nach Ansicht des Gerichts erfordert das grundgesetzlich abgesicherte Prinzip der Steuerfreiheit des Existenzminimums lediglich, dass der Staat die Pflegeversicherungsbeitr\u00e4ge, die vom Gesetzgeber als verpflichtende Vorsorge angesehen werden und die nicht \u00fcber das sozialhilferechtliche Niveau hinausgehen, steuerlich freistellen m\u00fcsse. Beitr\u00e4ge zu einer freiwilligen privaten Pflegezusatzversicherung fallen nicht hierunter.<\/p>\n","protected":false},"excerpt":{"rendered":"<p>Beitr\u00e4ge zur gesetzlichen Pflegeversicherung (hierzu z\u00e4hlen die soziale Pflegeversicherung und die private Pflege-Pflichtversicherung) sind ebenso wie die Beitr\u00e4ge zur Basis-Krankenversicherung in voller H\u00f6he als Vorsorgeaufwendungen im Rahmen der Sonderausgaben abziehbar. Auch Aufwendungen f\u00fcr einen dar\u00fcberhinausgehenden Kranken- oder Pflegeversicherungsschutz wie beispielsweise f\u00fcr eine private Pflegezusatzversicherung, die der Absicherung von nicht durch<a class=\"moretag\" href=\"https:\/\/mmielke.de\/index.php\/sind-beitraege-zu-einer-freiwilligen-pflegezusatzversicherung-sonderausgaben\/\"> Read more<\/a><\/p>\n","protected":false},"author":1,"featured_media":0,"comment_status":"closed","ping_status":"closed","sticky":false,"template":"","format":"standard","meta":{"_jetpack_memberships_contains_paid_content":false,"footnotes":""},"categories":[1],"tags":[],"class_list":["post-907","post","type-post","status-publish","format-standard","hentry","category-allgemein"],"jetpack_featured_media_url":"","jetpack_sharing_enabled":true,"_links":{"self":[{"href":"https:\/\/mmielke.de\/index.php\/wp-json\/wp\/v2\/posts\/907","targetHints":{"allow":["GET"]}}],"collection":[{"href":"https:\/\/mmielke.de\/index.php\/wp-json\/wp\/v2\/posts"}],"about":[{"href":"https:\/\/mmielke.de\/index.php\/wp-json\/wp\/v2\/types\/post"}],"author":[{"embeddable":true,"href":"https:\/\/mmielke.de\/index.php\/wp-json\/wp\/v2\/users\/1"}],"replies":[{"embeddable":true,"href":"https:\/\/mmielke.de\/index.php\/wp-json\/wp\/v2\/comments?post=907"}],"version-history":[{"count":1,"href":"https:\/\/mmielke.de\/index.php\/wp-json\/wp\/v2\/posts\/907\/revisions"}],"predecessor-version":[{"id":908,"href":"https:\/\/mmielke.de\/index.php\/wp-json\/wp\/v2\/posts\/907\/revisions\/908"}],"wp:attachment":[{"href":"https:\/\/mmielke.de\/index.php\/wp-json\/wp\/v2\/media?parent=907"}],"wp:term":[{"taxonomy":"category","embeddable":true,"href":"https:\/\/mmielke.de\/index.php\/wp-json\/wp\/v2\/categories?post=907"},{"taxonomy":"post_tag","embeddable":true,"href":"https:\/\/mmielke.de\/index.php\/wp-json\/wp\/v2\/tags?post=907"}],"curies":[{"name":"wp","href":"https:\/\/api.w.org\/{rel}","templated":true}]}}